{"id":884,"date":"2021-03-04T16:21:51","date_gmt":"2021-03-04T14:21:51","guid":{"rendered":"https:\/\/osonajove.cat\/capsula\/?p=884"},"modified":"2023-05-04T14:24:01","modified_gmt":"2023-05-04T12:24:01","slug":"auxiliar-de-vendes-oficina-i-atencio-al-public-2","status":"publish","type":"post","link":"https:\/\/osonajove.cat\/capsula\/auxiliar-de-vendes-oficina-i-atencio-al-public-2\/","title":{"rendered":"Auxiliar de comercialitzaci\u00f3 de productes i log\u00edstica"},"content":{"rendered":"\n<p>Aquests estudis capaciten per dur a terme tasques de distribuci\u00f3 i recollida de productes a domicili, i tamb\u00e9 activitats auxiliars de reposici\u00f3 i condicionament en el punt de venda, i efectuar els seus cobraments associats, atenent a les persones clients\/destinat\u00e0ries i oferint-los un servei de qualitat.<\/p>\n\n\n\n<p>M\u00f2duls de formaci\u00f3 professional:<\/p>\n\n\n\n<ul class=\"wp-block-list\">\n<li>T\u00e8cniques b\u00e0siques de comercialitzaci\u00f3&nbsp;&nbsp;&nbsp;&nbsp;&nbsp;&nbsp;&nbsp;&nbsp;&nbsp;&nbsp;&nbsp;&nbsp;&nbsp;&nbsp;<\/li>\n\n\n\n<li>Preparaci\u00f3 de comandes i venda de productes &nbsp;&nbsp;&nbsp;&nbsp;&nbsp;&nbsp;&nbsp;&nbsp;&nbsp;&nbsp;&nbsp;&nbsp;&nbsp;&nbsp;<\/li>\n\n\n\n<li>Lliurament i recollida d&#8217;enviaments de productes a domicili &nbsp;&nbsp;&nbsp;&nbsp;&nbsp;<\/li>\n\n\n\n<li>Operacions de cobrament en el servei de lliurament i recollida a domicili&nbsp; &nbsp;&nbsp;&nbsp;&nbsp;&nbsp;&nbsp;&nbsp;&nbsp;&nbsp;<\/li>\n\n\n\n<li>Conducci\u00f3 segura en serveis de lliurament i recollida a domicili &nbsp;&nbsp;&nbsp;&nbsp;&nbsp;&nbsp;&nbsp;&nbsp;&nbsp;&nbsp;&nbsp;&nbsp;&nbsp;&nbsp;<\/li>\n\n\n\n<li>Prevenci\u00f3 Riscos Laborals<\/li>\n\n\n\n<li>Projecte Integrat<\/li>\n\n\n\n<li>Formaci\u00f3 en centres de treball<\/li>\n<\/ul>\n\n\n\n<figure class=\"wp-block-embed is-type-rich is-provider-gestor-del-servei wp-block-embed-gestor-del-servei wp-embed-aspect-16-9 wp-has-aspect-ratio\"><div class=\"wp-block-embed__wrapper\">\n<iframe title=\"Auxiliar de comercialitzaci\u00f3 de productes i log\u00edstica (PTT Vic)\" width=\"800\" height=\"450\" src=\"https:\/\/www.youtube.com\/embed\/mKxhj3JiSE4?feature=oembed\" frameborder=\"0\" allow=\"accelerometer; autoplay; clipboard-write; encrypted-media; gyroscope; picture-in-picture; web-share\" allowfullscreen><\/iframe>\n<\/div><\/figure>\n\n\n\n<p id=\"block-4878e806-76f9-4d6f-b70f-3b847d8376b8\"><a href=\"https:\/\/www.vic.cat\/viure-a-vic\/educacio\/projectes-de-ciutat\/projectes-per-a-joves-majors-de-16-anys-1\/programes-de-formacio-i-insercio-pfis-de-l2019ajuntament-de-vic\" data-type=\"URL\" data-id=\"https:\/\/www.vic.cat\/viure-a-vic\/educacio\/projectes-de-ciutat\/projectes-per-a-joves-majors-de-16-anys-1\/programes-de-formacio-i-insercio-pfis-de-l2019ajuntament-de-vic\" target=\"_blank\" rel=\"noreferrer noopener\"><strong>PTT VIC<\/strong><\/a><br>Ester Cremades, Vanessa Coma i Mele Mart\u00ednez<br>938862100 (Demanar per PFI)<\/p>\n","protected":false},"excerpt":{"rendered":"<p>Aquests estudis capaciten per dur a terme tasques de distribuci\u00f3 i recollida de productes a domicili, i tamb\u00e9 activitats auxiliars de reposici\u00f3 i condicionament en el punt de venda, i efectuar els seus cobraments associats, atenent a les persones clients\/destinat\u00e0ries i oferint-los un servei de qualitat. M\u00f2duls de formaci\u00f3 professional: PTT VICEster Cremades, Vanessa Coma [&hellip;]<\/p>\n","protected":false},"author":6,"featured_media":0,"comment_status":"closed","ping_status":"closed","sticky":false,"template":"","format":"standard","meta":{"slim_seo":{"title":"Auxiliar de comercialitzaci\u00f3 de productes i log\u00edstica - C\u00e0psula","description":"Aquests estudis capaciten per dur a terme tasques de distribuci\u00f3 i recollida de productes a domicili, i tamb\u00e9 activitats auxiliars de reposici\u00f3 i condicionament"},"footnotes":"","_wp_rev_ctl_limit":""},"categories":[9],"tags":[5],"class_list":["post-884","post","type-post","status-publish","format-standard","hentry","category-pfi","tag-pfi"],"_links":{"self":[{"href":"https:\/\/osonajove.cat\/capsula\/wp-json\/wp\/v2\/posts\/884","targetHints":{"allow":["GET"]}}],"collection":[{"href":"https:\/\/osonajove.cat\/capsula\/wp-json\/wp\/v2\/posts"}],"about":[{"href":"https:\/\/osonajove.cat\/capsula\/wp-json\/wp\/v2\/types\/post"}],"author":[{"embeddable":true,"href":"https:\/\/osonajove.cat\/capsula\/wp-json\/wp\/v2\/users\/6"}],"replies":[{"embeddable":true,"href":"https:\/\/osonajove.cat\/capsula\/wp-json\/wp\/v2\/comments?post=884"}],"version-history":[{"count":3,"href":"https:\/\/osonajove.cat\/capsula\/wp-json\/wp\/v2\/posts\/884\/revisions"}],"predecessor-version":[{"id":3978,"href":"https:\/\/osonajove.cat\/capsula\/wp-json\/wp\/v2\/posts\/884\/revisions\/3978"}],"wp:attachment":[{"href":"https:\/\/osonajove.cat\/capsula\/wp-json\/wp\/v2\/media?parent=884"}],"wp:term":[{"taxonomy":"category","embeddable":true,"href":"https:\/\/osonajove.cat\/capsula\/wp-json\/wp\/v2\/categories?post=884"},{"taxonomy":"post_tag","embeddable":true,"href":"https:\/\/osonajove.cat\/capsula\/wp-json\/wp\/v2\/tags?post=884"}],"curies":[{"name":"wp","href":"https:\/\/api.w.org\/{rel}","templated":true}]}}