{"id":808,"date":"2021-03-04T16:15:44","date_gmt":"2021-03-04T14:15:44","guid":{"rendered":"https:\/\/osonajove.cat\/capsula\/?p=808"},"modified":"2023-09-19T13:00:16","modified_gmt":"2023-09-19T11:00:16","slug":"forja-artistica","status":"publish","type":"post","link":"https:\/\/osonajove.cat\/capsula\/forja-artistica\/","title":{"rendered":"Forja art\u00edstica"},"content":{"rendered":"\n<p>Modelar les formes i volums del metall \u00e9s un art i alhora una t\u00e8cnica, quelcom tan ancestral i contemporani com sotmetre el ferro a la voluntat del foc per transformar-lo sota un prisma art\u00edstic. Modelar les teves aptituds i transformar-les en coneixements pr\u00e0ctics \u00e9s l\u2019objectiu d\u2019aquest Grau Mitj\u00e0 que et permetr\u00e0 formar-te com a t\u00e8cnic en forja i arts del metall.<\/p>\n\n\n\n<figure class=\"wp-block-embed is-type-video is-provider-youtube wp-block-embed-youtube wp-embed-aspect-16-9 wp-has-aspect-ratio\"><div class=\"wp-block-embed__wrapper\">\n<iframe title=\"Forja art\u00edstica (EART Vic)\" width=\"800\" height=\"450\" src=\"https:\/\/www.youtube.com\/embed\/AQYiSwBVzqg?feature=oembed\" frameborder=\"0\" allow=\"accelerometer; autoplay; clipboard-write; encrypted-media; gyroscope; picture-in-picture\" allowfullscreen><\/iframe>\n<\/div><\/figure>\n\n\n\n<p id=\"block-4878e806-76f9-4d6f-b70f-3b847d8376b8\"><strong><a href=\"https:\/\/www.eartvic.net\/forja\/\" target=\"_blank\" rel=\"noopener noreferrer nofollow\">Escola d&#8217;Art i Superior de Disseny de Vic<\/a><\/strong> (P\u00fablic)<br>93 885 48 51<\/p>\n","protected":false},"excerpt":{"rendered":"<p>Modelar les formes i volums del metall \u00e9s un art i alhora una t\u00e8cnica, quelcom tan ancestral i contemporani com sotmetre el ferro a la voluntat del foc per transformar-lo sota un prisma art\u00edstic. Modelar les teves aptituds i transformar-les en coneixements pr\u00e0ctics \u00e9s l\u2019objectiu d\u2019aquest Grau Mitj\u00e0 que et permetr\u00e0 formar-te com a t\u00e8cnic [&hellip;]<\/p>\n","protected":false},"author":6,"featured_media":0,"comment_status":"closed","ping_status":"closed","sticky":false,"template":"","format":"standard","meta":{"slim_seo":{"title":"Forja art\u00edstica - C\u00e0psula","description":"Modelar les formes i volums del metall \u00e9s un art i alhora una t\u00e8cnica, quelcom tan ancestral i contemporani com sotmetre el ferro a la voluntat del foc per tran"},"footnotes":"","_wp_rev_ctl_limit":""},"categories":[99],"tags":[16],"class_list":["post-808","post","type-post","status-publish","format-standard","hentry","category-ensenyament-artistics-i-esportius","tag-cfgm"],"_links":{"self":[{"href":"https:\/\/osonajove.cat\/capsula\/wp-json\/wp\/v2\/posts\/808","targetHints":{"allow":["GET"]}}],"collection":[{"href":"https:\/\/osonajove.cat\/capsula\/wp-json\/wp\/v2\/posts"}],"about":[{"href":"https:\/\/osonajove.cat\/capsula\/wp-json\/wp\/v2\/types\/post"}],"author":[{"embeddable":true,"href":"https:\/\/osonajove.cat\/capsula\/wp-json\/wp\/v2\/users\/6"}],"replies":[{"embeddable":true,"href":"https:\/\/osonajove.cat\/capsula\/wp-json\/wp\/v2\/comments?post=808"}],"version-history":[{"count":4,"href":"https:\/\/osonajove.cat\/capsula\/wp-json\/wp\/v2\/posts\/808\/revisions"}],"predecessor-version":[{"id":3459,"href":"https:\/\/osonajove.cat\/capsula\/wp-json\/wp\/v2\/posts\/808\/revisions\/3459"}],"wp:attachment":[{"href":"https:\/\/osonajove.cat\/capsula\/wp-json\/wp\/v2\/media?parent=808"}],"wp:term":[{"taxonomy":"category","embeddable":true,"href":"https:\/\/osonajove.cat\/capsula\/wp-json\/wp\/v2\/categories?post=808"},{"taxonomy":"post_tag","embeddable":true,"href":"https:\/\/osonajove.cat\/capsula\/wp-json\/wp\/v2\/tags?post=808"}],"curies":[{"name":"wp","href":"https:\/\/api.w.org\/{rel}","templated":true}]}}